{"id":446,"date":"2018-06-22T10:00:31","date_gmt":"2018-06-22T08:00:31","guid":{"rendered":"https:\/\/a-vista-studios.de\/blog\/?p=446"},"modified":"2018-06-11T09:03:22","modified_gmt":"2018-06-11T07:03:22","slug":"fotos-auf-facebook-veroeffentlichen-nutzungsrechte","status":"publish","type":"post","link":"https:\/\/a-vista-studios.de\/blog\/web-recht\/fotos-auf-facebook-veroeffentlichen-nutzungsrechte\/","title":{"rendered":"Fotos auf Facebook ver\u00f6ffentlichen &#8211; Nutzungsrechte von Fotografen"},"content":{"rendered":"<h3>Nutzungsrechte: sollten Fotografen ihre Fotos auf Facebook ver\u00f6ffentlichen? Welche Rechte werden dabei \u00fcbertragen? Was bedeutet das f\u00fcr das Urheberrecht?<\/h3>\n<p>Fotos auf Facebook ver\u00f6ffentlichen: Grunds\u00e4tzlich ist <strong>jedes<\/strong> Foto durch das Urhebergesetz als Lichtbildwerk oder Lichtbild gesch\u00fctzt \u2013 unabh\u00e4ngig von dessen k\u00fcnstlerischem Anspruch. Je nach Qualit\u00e4t und Sch\u00f6pfungsh\u00f6he wird zwischen Lichtbildwerken und Lichtbildern unterschieden.<\/p>\n<p>Unter <strong><em>Lichtbildwerke<\/em><\/strong> fallen kreative Fotos, die sich durch einen \u00e4sthetischen Anspruch, besondere Motivwahl, Lichttechnik und \u00e4hnliches auszeichnen. Sie sind nach \u00a7 2 Abs. 1 Nr. 5 UrhG (Urhebergesetz) gesch\u00fctzt.<\/p>\n<p><strong><em>Lichtbilder<\/em><\/strong> sind einfachere Fotos, die nach \u00a7 72 Abs. 1 UrhG gesch\u00fctzt sind.<\/p>\n<h2>Was passiert mit den Nutzungsrechten, wenn ein Bild bei Facebook eingestellt wird?<\/h2>\n<p>Der Fotograf eines Bildes hat automatisch Urheberrechte an dem von ihm erstellten Bild. Dieses Recht erlischt bei Lichtbildwerken 70 Jahre nach dem Tod des Urhebers <a href=\"https:\/\/www.gesetze-im-internet.de\/urhg\/__64.html\" target=\"_blank\" rel=\"noopener\"><strong>(\u00a7 64 UrhG)<\/strong><\/a> bzw. bei Lichtbildern 50 Jahre nach dem ersten Erscheinen des Bildes <a href=\"https:\/\/www.gesetze-im-internet.de\/urhg\/__72.html\" target=\"_blank\" rel=\"noopener\"><strong>(\u00a7 72 Abs. 3 UrhG)<\/strong><\/a>.<\/p>\n<p>Das Urheberrecht selbst ist nicht \u00fcbertragbar und gilt auch dann weiter wenn der Fotograf die <strong>Nutzungsrechte<\/strong> an Dritte \u00fcbertr\u00e4gt. Als Urheber darf er dar\u00fcber entscheiden, wie das Foto genutzt werden soll und wer es \u00f6ffentlich zug\u00e4nglich machen darf.<\/p>\n<p>Mittels der Allgemeinen Gesch\u00e4ftsbedingungen sichert sich Facebook einfache Nutzungsrechte an Bildern, die von den Benutzern hochgeladen werden.<\/p>\n<p><strong>Die <a href=\"https:\/\/www.facebook.com\/legal\/terms\" target=\"_blank\" rel=\"noopener\">AGB von Facebook<\/a> legen (Punkt 2.1) fest: <\/strong><\/p>\n<blockquote><p><em>F\u00fcr Inhalte, die durch Rechte am geistigen Eigentum gesch\u00fctzt sind, wie Fotos und Videos (IP-Inhalte), erteilst du uns ausdr\u00fccklich nachfolgende Genehmigung, vorbehaltlich deiner Einstellungen f\u00fcr Privatsph\u00e4re und Apps: Du gew\u00e4hrst uns eine nicht-exklusive, \u00fcbertragbare, unterlizenzierbare, geb\u00fchrenfreie, weltweite Lizenz f\u00fcr die Nutzung jedweder IP-Inhalte, die du auf bzw. im Zusammenhang mit Facebook postest (IP-Lizenz). Diese IP-Lizenz endet, wenn du deine IP-Inhalte oder dein Konto l\u00f6schst; es sei denn, deine Inhalte wurden mit anderen geteilt und diese haben die Inhalte nicht gel\u00f6scht. <\/em><\/p><\/blockquote>\n<h2>Was bedeutet das f\u00fcr die Nutzungsrechte des Fotografen?<\/h2>\n<p>Wer Bilder bei Facebook hochl\u00e4dt, akzeptiert dabei auch automatisch die AGB von Facebook. Diese Akzeptanz wird nicht ung\u00fcltig, wenn \u2013 sozusagen als \u201eTrick\u201c \u2013 den Gesch\u00e4ftsbedingungen widersprochen wird.<\/p>\n<p>Auch wenn die <strong><em>nicht-exklusive<\/em><\/strong> \u00dcbertragung der Nutzungsrechte zun\u00e4chst harmlos klingt, so kann sie weitreichende Folgen haben. Denn damit darf der Fotograf seine Bilder zwar weiterhin woanders ver\u00f6ffentlichen und er darf auch weiterhin Dritten eine Lizenz f\u00fcr die Nutzung der Bilder einr\u00e4umen. Aber der Fotograf besitzt an diesen Bildern <strong>keine vollumf\u00e4nglichen Nutzungsrechte<\/strong> mehr. M\u00f6chte er die exklusiven Nutzungsrechte an einen Kunden \u00fcbertragen, so ist dies nicht mehr zul\u00e4ssig, wenn Facebook nicht-exklusive Nutzungsrechte an diesen Bildern besitzt.<\/p>\n<p>Zudem r\u00e4umt sich Facebook durch seine AGB das Recht ein, die hochgeladenen Bilder an Dritte &#8211; beispielsweise Unternehmen &#8211; weiter zu lizensieren. Und andere Nutzer erhalten die M\u00f6glichkeit Ihre Fotos als Privatkopie zu verwenden. Auch \u00f6ffentliche Medien wie Zeitungen oder Fernsehen d\u00fcrfen gem\u00e4\u00df \u00a7 50 UrhG das Foto zur Bebilderung ihrer Berichterstattung verwenden.<\/p>\n<h2>K\u00f6nnen Facebook die Nutzungsrechte wieder entzogen werden?<\/h2>\n<p>Gem\u00e4\u00df Punkt 2.1 der AGB von Facebook gilt:<\/p>\n<blockquote><p><em>Diese IP-Lizenz endet, wenn du deine IP-Inhalte oder dein Konto l\u00f6schst; es sei denn, deine Inhalte wurden mit anderen geteilt und diese haben die Inhalte nicht gel\u00f6scht.<\/em><\/p><\/blockquote>\n<p>Im Klartext bedeutet dies: wird das Facebook-Konto gel\u00f6scht, so erl\u00f6schen auch die Nutzungsrechte von Facebook an den hochgeladenen Bildern. <strong>Es sei denn<\/strong>, die Bilder wurden inzwischen von anderen Benutzern geteilt. Dann muss der Fotograf laut AGB von Facebook alle Facebook-Benutzer, die seine Bilder geteilt haben, dazu auffordern, die entsprechenden Bilder zu l\u00f6schen.<\/p>\n<p>Die Rechsanwaltskanzlei Gulden R\u00f6ttger hat dazu allerdings einen <strong><a href=\"https:\/\/ggr-law.com\/fotorecht\/faq\/bilder-teilen-facebook-einfache-nutzungsrecht-erloeschen-urheberrecht-fotografen\/\" target=\"_blank\" rel=\"noopener\">interessanten Beitrag ver\u00f6ffentlicht<\/a>:<\/strong><\/p>\n<p><strong>Der bekannte Cartoonist Michael Holtschulte wies auf folgendes hin:<\/strong><\/p>\n<blockquote><p><em>Wenn ein Bild GETEILT wurde, verschwinden die geteilten Postings anderer FB-Teilnehmer ebenfalls, bzw. der urspr\u00fcngliche Link ist nicht mehr auffindbar, wenn man das betreffende Foto oder seinen Account l\u00f6scht.<\/em><\/p><\/blockquote>\n<p><strong>Gulden R\u00f6ttger Rechtsanw\u00e4lte<\/strong> haben diese Aussage gepr\u00fcft und verifiziert. Aus technischer bedeutet das: Wird ein Foto geteilt und in der Ausgangsquelle \/ im Ausgangspost wieder gel\u00f6scht, so verschwinden das Foto bei den Facebook-Benutzern, die es geteilt haben. Und zwar unabh\u00e4ngig davon, ob nur ein Foto geteilt wurde, oder ein Bild mit zus\u00e4tzlichem Text.<\/p>\n<p>Damit \u201epasst\u201c die Aussage aus den AGB von Facebook nicht zur technischen Realit\u00e4t. Es darf dar\u00fcber spekuliert werden, ob dieser Passus aus den AGB \u2013 welcher bereits 2014 vorhanden war \u2013 mittlerweile schlicht und einfach veraltet ist.<\/p>\n<h2>Ist die Einforderung der Nutzungsrechte durch Facebook \u00fcberhaupt zul\u00e4ssig?<\/h2>\n<p>Wenn ein amerikanischer Konzern wie Facebook seine Dienstleistungen in Deutschland anbietet, unterliegen diese in Deutschland auch dem hiesigen Recht.<\/p>\n<p>Alexander Grundmann f\u00fchrt dazu auf <a href=\"http:\/\/www.urheberrecht-leipzig.de\/facebook-und-recht-was-ist-beim-veroeffentlichen-von-fotos-auf-facebook-zu-beachten.html\" target=\"_blank\" rel=\"noopener\"><strong>urheberrecht-leipzig.de<\/strong><\/a> aus, dass das Landgericht Berlin die Gesch\u00e4ftsbedingungen f\u00fcr rechtswidrig h\u00e4lt:<\/p>\n<blockquote><p><em>Das erste Urteil zu den Gesch\u00e4ftsbedingungen von Facebook stammt aus dem Jahr 2012 vom Landgericht Berlin (Urteil vom 06.03.2012 \u2013 16 O 551\/1). Hier ging es urspr\u00fcnglich um den so genannten \u201eFreundefinder\u201c- E-Mails Dienst, mit welchem ein Facebook-Nutzer eine E-Mail an seine andere E-Mail Kontakte versenden konnte, mit der Aufforderung, sich ebenfalls bei Facebook anzumelden. Das Landgericht sah darin eine unzul\u00e4ssige Werbemail nach \u00a7 7 II Nr. 3 UWG.<\/em><\/p>\n<p><em>In diesem Zusammenhang stellte das Gericht auch fest, dass die \u201cIP-Lizenz\u201d, mit der Facebook die Rechte an den Fotos der Nutzer einger\u00e4umt wird, gem\u00e4\u00df \u00a7 307 II Nr. 1 BGB unwirksam ist. Die vollumf\u00e4ngliche Nutzungs\u00fcbertragung der Rechte auf Facebook an allen Werken die man dort hochl\u00e4dt, verst\u00f6\u00dft gegen den Zweck\u00fcbertragungsgedanken aus \u00a7 31 V UrhG.<\/em><\/p><\/blockquote>\n<p>Am 24.01.2014 hat das Kammergericht Berlin dieses Urteil best\u00e4tigt. Da Facebook dennoch nicht handelte, hat das Landgericht Berlin mit Beschluss vom 11.02.2016 schlie\u00dflich ein Ordnungsgeld in H\u00f6he von 100.000 EUR gegen Facebook verh\u00e4ngt.<\/p>\n<h2>Wie sollten Fotografen sich Facebook gegen\u00fcber verhalten?<\/h2>\n<p>Fotos auf Facebook ver\u00f6ffentlichen: Wer keinerlei Wert auf seine selbst erstellten Bilder legt, kann sie weiterhin bedenklos bei Facebook ver\u00f6ffentlichen. Es gibt jedoch viele Fotografen, die Wert auf die Nutzungsrechte an ihren Bildern legen. Dazu geh\u00f6ren l\u00e4ngst nicht nur professionelle Fotografen. Auch wer beispielsweise eine Website \u00fcber Fotografie betreibt und dort fotografisch anspruchsvolle Bilder pr\u00e4sentiert, hat oft ein reges Interesse an den exklusiven Nutzungsrechten an seinen Fotos. Und wem beispielsweise interessante Aufnahmen bei einem Event oder besondere Tieraufnahmen gelungen sind, welche sich sp\u00e4ter wom\u00f6glich verkaufen lassen, sollte ebenfalls darauf achten, die Nutzungsrechte nicht leichtfertig aus der Hand zu geben.<\/p>\n<p>Aktuell herrscht wenig Transparenz dar\u00fcber, wie genau Facebook die eingeforderten Nutzungsrechte verwertet und ob diese zur Unterlizensierung verwendet werden.<\/p>\n<p>Andererseits bietet die Social Media-Plattform Facebook die M\u00f6glichkeit, seine fotografischen Werke der \u00d6ffentlichkeit vorzustellen und auf diesem Wege seinen Bekanntheitsgrad zu steigern oder gar neue Kunden bzw. Auftraggeber zu gewinnen.<\/p>\n<p>Dazu kann zu einem \u201eTrick\u201c gegriffen werden: bei Facebook besteht nicht nur die M\u00f6glichkeit, Fotos direkt hochzuladen. Es l\u00e4sst sich auch ein Link zur eigenen Website posten. Dabei stellt Facebook automatisch eine Auswahl der Bilder bereit, die auf der eingetragenen Zielseite gefunden werden. Hier k\u00f6nnen Sie alle oder einzelne Bilder ausw\u00e4hlen und auf diesem Wege im Facebook-Posting anzeigen.<\/p>\n<p>&nbsp;<\/p>\n<p><em>Stichworte: Nutzungsrechte von Fotografen, Fotos auf Facebook ver\u00f6ffentlichen<\/em><\/p>\n\n\n<div class=\"kk-star-ratings kksr-auto kksr-align-left kksr-valign-bottom kksr-disabled\"\n    data-payload='{&quot;align&quot;:&quot;left&quot;,&quot;id&quot;:&quot;446&quot;,&quot;readonly&quot;:&quot;1&quot;,&quot;slug&quot;:&quot;default&quot;,&quot;valign&quot;:&quot;bottom&quot;,&quot;ignore&quot;:&quot;&quot;,&quot;reference&quot;:&quot;auto&quot;,&quot;class&quot;:&quot;&quot;,&quot;count&quot;:&quot;0&quot;,&quot;legendonly&quot;:&quot;&quot;,&quot;score&quot;:&quot;0&quot;,&quot;starsonly&quot;:&quot;&quot;,&quot;best&quot;:&quot;5&quot;,&quot;gap&quot;:&quot;5&quot;,&quot;greet&quot;:&quot;&quot;,&quot;legend&quot;:&quot;0\\\/5 - (0 votes)&quot;,&quot;size&quot;:&quot;30&quot;,&quot;title&quot;:&quot;Fotos auf Facebook ver\u00f6ffentlichen - Nutzungsrechte von Fotografen&quot;,&quot;width&quot;:&quot;0&quot;,&quot;_legend&quot;:&quot;{score}\\\/{best} - ({count} {votes})&quot;,&quot;font_factor&quot;:&quot;1.25&quot;}'>\n            \n<div class=\"kksr-stars\">\n    \n<div class=\"kksr-stars-inactive\">\n            <div class=\"kksr-star\" data-star=\"1\" style=\"padding-right: 5px\">\n            \n\n<div class=\"kksr-icon\" style=\"width: 30px; height: 30px;\"><\/div>\n        <\/div>\n            <div class=\"kksr-star\" data-star=\"2\" style=\"padding-right: 5px\">\n            \n\n<div class=\"kksr-icon\" style=\"width: 30px; height: 30px;\"><\/div>\n        <\/div>\n            <div class=\"kksr-star\" data-star=\"3\" style=\"padding-right: 5px\">\n            \n\n<div class=\"kksr-icon\" style=\"width: 30px; height: 30px;\"><\/div>\n        <\/div>\n            <div class=\"kksr-star\" data-star=\"4\" style=\"padding-right: 5px\">\n            \n\n<div class=\"kksr-icon\" style=\"width: 30px; height: 30px;\"><\/div>\n        <\/div>\n            <div class=\"kksr-star\" data-star=\"5\" style=\"padding-right: 5px\">\n            \n\n<div class=\"kksr-icon\" style=\"width: 30px; height: 30px;\"><\/div>\n        <\/div>\n    <\/div>\n    \n<div class=\"kksr-stars-active\" style=\"width: 0px;\">\n            <div class=\"kksr-star\" style=\"padding-right: 5px\">\n            \n\n<div class=\"kksr-icon\" style=\"width: 30px; height: 30px;\"><\/div>\n        <\/div>\n            <div class=\"kksr-star\" style=\"padding-right: 5px\">\n            \n\n<div class=\"kksr-icon\" style=\"width: 30px; height: 30px;\"><\/div>\n        <\/div>\n            <div class=\"kksr-star\" style=\"padding-right: 5px\">\n            \n\n<div class=\"kksr-icon\" style=\"width: 30px; height: 30px;\"><\/div>\n        <\/div>\n            <div class=\"kksr-star\" style=\"padding-right: 5px\">\n            \n\n<div class=\"kksr-icon\" style=\"width: 30px; height: 30px;\"><\/div>\n        <\/div>\n            <div class=\"kksr-star\" style=\"padding-right: 5px\">\n            \n\n<div class=\"kksr-icon\" style=\"width: 30px; height: 30px;\"><\/div>\n        <\/div>\n    <\/div>\n<\/div>\n                \n\n<div class=\"kksr-legend\" style=\"font-size: 24px;\">\n            <span class=\"kksr-muted\"><\/span>\n    <\/div>\n    <\/div>\n","protected":false},"excerpt":{"rendered":"<p>Nutzungsrechte: sollten Fotografen ihre Fotos auf Facebook ver\u00f6ffentlichen? Welche Rechte werden dabei \u00fcbertragen? Was bedeutet das f\u00fcr das Urheberrecht? Fotos auf Facebook ver\u00f6ffentlichen:&hellip;<\/p>\n","protected":false},"author":2,"featured_media":448,"comment_status":"open","ping_status":"open","sticky":false,"template":"","format":"standard","meta":{"footnotes":""},"categories":[20,7],"tags":[],"class_list":["post-446","post","type-post","status-publish","format-standard","has-post-thumbnail","hentry","category-bildrechte","category-web-recht"],"yoast_head":"<!-- This site is optimized with the Yoast SEO plugin v27.0 - https:\/\/yoast.com\/product\/yoast-seo-wordpress\/ -->\n<title>Fotos auf Facebook ver\u00f6ffentlichen - Nutzungsrechte von Fotografen<\/title>\n<meta name=\"description\" content=\"Fotos auf Facebook ver\u00f6ffentlichen - Nutzungsrechte: sollten Fotografen ihre Fotos auf Facebook ver\u00f6ffentlichen? Welche Rechte werden dabei \u00fcbertragen?\" \/>\n<meta name=\"robots\" content=\"index, follow, max-snippet:-1, max-image-preview:large, max-video-preview:-1\" \/>\n<link rel=\"canonical\" href=\"https:\/\/a-vista-studios.de\/blog\/web-recht\/fotos-auf-facebook-veroeffentlichen-nutzungsrechte\/\" \/>\n<meta property=\"og:locale\" content=\"de_DE\" \/>\n<meta property=\"og:type\" content=\"article\" \/>\n<meta property=\"og:title\" content=\"Fotos auf Facebook ver\u00f6ffentlichen - Nutzungsrechte von Fotografen\" \/>\n<meta property=\"og:description\" content=\"Fotos auf Facebook ver\u00f6ffentlichen - Nutzungsrechte: sollten Fotografen ihre Fotos auf Facebook ver\u00f6ffentlichen? Welche Rechte werden dabei \u00fcbertragen?\" \/>\n<meta property=\"og:url\" content=\"https:\/\/a-vista-studios.de\/blog\/web-recht\/fotos-auf-facebook-veroeffentlichen-nutzungsrechte\/\" \/>\n<meta property=\"og:site_name\" content=\"Webdesign Tipps \/ Webdesign Blog\" \/>\n<meta property=\"article:published_time\" content=\"2018-06-22T08:00:31+00:00\" \/>\n<meta property=\"og:image\" content=\"https:\/\/a-vista-studios.de\/blog\/wp-content\/uploads\/2017\/08\/img_fotos_auf_facebook_veroeffentlichen_nutzungsrechte.jpg\" \/>\n\t<meta property=\"og:image:width\" content=\"1440\" \/>\n\t<meta property=\"og:image:height\" content=\"530\" \/>\n\t<meta property=\"og:image:type\" content=\"image\/jpeg\" \/>\n<meta name=\"author\" content=\"avs\" \/>\n<meta name=\"twitter:card\" content=\"summary_large_image\" \/>\n<meta name=\"twitter:label1\" content=\"Verfasst von\" \/>\n\t<meta name=\"twitter:data1\" content=\"avs\" \/>\n\t<meta name=\"twitter:label2\" content=\"Gesch\u00e4tzte Lesezeit\" \/>\n\t<meta name=\"twitter:data2\" content=\"6\u00a0Minuten\" \/>\n<script type=\"application\/ld+json\" class=\"yoast-schema-graph\">{\"@context\":\"https:\/\/schema.org\",\"@graph\":[{\"@type\":\"Article\",\"@id\":\"https:\/\/a-vista-studios.de\/blog\/web-recht\/fotos-auf-facebook-veroeffentlichen-nutzungsrechte\/#article\",\"isPartOf\":{\"@id\":\"https:\/\/a-vista-studios.de\/blog\/web-recht\/fotos-auf-facebook-veroeffentlichen-nutzungsrechte\/\"},\"author\":{\"name\":\"avs\",\"@id\":\"https:\/\/a-vista-studios.de\/blog\/#\/schema\/person\/07adbe83d83d582226dfd31d055a4b0f\"},\"headline\":\"Fotos auf Facebook ver\u00f6ffentlichen &#8211; Nutzungsrechte von Fotografen\",\"datePublished\":\"2018-06-22T08:00:31+00:00\",\"mainEntityOfPage\":{\"@id\":\"https:\/\/a-vista-studios.de\/blog\/web-recht\/fotos-auf-facebook-veroeffentlichen-nutzungsrechte\/\"},\"wordCount\":1174,\"commentCount\":0,\"publisher\":{\"@id\":\"https:\/\/a-vista-studios.de\/blog\/#organization\"},\"image\":{\"@id\":\"https:\/\/a-vista-studios.de\/blog\/web-recht\/fotos-auf-facebook-veroeffentlichen-nutzungsrechte\/#primaryimage\"},\"thumbnailUrl\":\"https:\/\/a-vista-studios.de\/blog\/wp-content\/uploads\/2017\/08\/img_fotos_auf_facebook_veroeffentlichen_nutzungsrechte.jpg\",\"articleSection\":[\"Bildrechte\",\"Web-Recht\"],\"inLanguage\":\"de\",\"potentialAction\":[{\"@type\":\"CommentAction\",\"name\":\"Comment\",\"target\":[\"https:\/\/a-vista-studios.de\/blog\/web-recht\/fotos-auf-facebook-veroeffentlichen-nutzungsrechte\/#respond\"]}]},{\"@type\":\"WebPage\",\"@id\":\"https:\/\/a-vista-studios.de\/blog\/web-recht\/fotos-auf-facebook-veroeffentlichen-nutzungsrechte\/\",\"url\":\"https:\/\/a-vista-studios.de\/blog\/web-recht\/fotos-auf-facebook-veroeffentlichen-nutzungsrechte\/\",\"name\":\"Fotos auf Facebook ver\u00f6ffentlichen - Nutzungsrechte von Fotografen\",\"isPartOf\":{\"@id\":\"https:\/\/a-vista-studios.de\/blog\/#website\"},\"primaryImageOfPage\":{\"@id\":\"https:\/\/a-vista-studios.de\/blog\/web-recht\/fotos-auf-facebook-veroeffentlichen-nutzungsrechte\/#primaryimage\"},\"image\":{\"@id\":\"https:\/\/a-vista-studios.de\/blog\/web-recht\/fotos-auf-facebook-veroeffentlichen-nutzungsrechte\/#primaryimage\"},\"thumbnailUrl\":\"https:\/\/a-vista-studios.de\/blog\/wp-content\/uploads\/2017\/08\/img_fotos_auf_facebook_veroeffentlichen_nutzungsrechte.jpg\",\"datePublished\":\"2018-06-22T08:00:31+00:00\",\"description\":\"Fotos auf Facebook ver\u00f6ffentlichen - Nutzungsrechte: sollten Fotografen ihre Fotos auf Facebook ver\u00f6ffentlichen? Welche Rechte werden dabei \u00fcbertragen?\",\"breadcrumb\":{\"@id\":\"https:\/\/a-vista-studios.de\/blog\/web-recht\/fotos-auf-facebook-veroeffentlichen-nutzungsrechte\/#breadcrumb\"},\"inLanguage\":\"de\",\"potentialAction\":[{\"@type\":\"ReadAction\",\"target\":[\"https:\/\/a-vista-studios.de\/blog\/web-recht\/fotos-auf-facebook-veroeffentlichen-nutzungsrechte\/\"]}]},{\"@type\":\"ImageObject\",\"inLanguage\":\"de\",\"@id\":\"https:\/\/a-vista-studios.de\/blog\/web-recht\/fotos-auf-facebook-veroeffentlichen-nutzungsrechte\/#primaryimage\",\"url\":\"https:\/\/a-vista-studios.de\/blog\/wp-content\/uploads\/2017\/08\/img_fotos_auf_facebook_veroeffentlichen_nutzungsrechte.jpg\",\"contentUrl\":\"https:\/\/a-vista-studios.de\/blog\/wp-content\/uploads\/2017\/08\/img_fotos_auf_facebook_veroeffentlichen_nutzungsrechte.jpg\",\"width\":1440,\"height\":530,\"caption\":\"Fotos auf Facebook ver\u00f6ffentlichen\"},{\"@type\":\"BreadcrumbList\",\"@id\":\"https:\/\/a-vista-studios.de\/blog\/web-recht\/fotos-auf-facebook-veroeffentlichen-nutzungsrechte\/#breadcrumb\",\"itemListElement\":[{\"@type\":\"ListItem\",\"position\":1,\"name\":\"Startseite\",\"item\":\"https:\/\/a-vista-studios.de\/blog\/\"},{\"@type\":\"ListItem\",\"position\":2,\"name\":\"Fotos auf Facebook ver\u00f6ffentlichen &#8211; Nutzungsrechte von Fotografen\"}]},{\"@type\":\"WebSite\",\"@id\":\"https:\/\/a-vista-studios.de\/blog\/#website\",\"url\":\"https:\/\/a-vista-studios.de\/blog\/\",\"name\":\"Webdesign Tipps \/ Webdesign Blog\",\"description\":\"\",\"publisher\":{\"@id\":\"https:\/\/a-vista-studios.de\/blog\/#organization\"},\"potentialAction\":[{\"@type\":\"SearchAction\",\"target\":{\"@type\":\"EntryPoint\",\"urlTemplate\":\"https:\/\/a-vista-studios.de\/blog\/?s={search_term_string}\"},\"query-input\":{\"@type\":\"PropertyValueSpecification\",\"valueRequired\":true,\"valueName\":\"search_term_string\"}}],\"inLanguage\":\"de\"},{\"@type\":\"Organization\",\"@id\":\"https:\/\/a-vista-studios.de\/blog\/#organization\",\"name\":\"A Vista Studios\",\"url\":\"https:\/\/a-vista-studios.de\/blog\/\",\"logo\":{\"@type\":\"ImageObject\",\"inLanguage\":\"de\",\"@id\":\"https:\/\/a-vista-studios.de\/blog\/#\/schema\/logo\/image\/\",\"url\":\"https:\/\/a-vista-studios.de\/blog\/wp-content\/uploads\/2017\/06\/logo-avs.png\",\"contentUrl\":\"https:\/\/a-vista-studios.de\/blog\/wp-content\/uploads\/2017\/06\/logo-avs.png\",\"width\":520,\"height\":236,\"caption\":\"A Vista Studios\"},\"image\":{\"@id\":\"https:\/\/a-vista-studios.de\/blog\/#\/schema\/logo\/image\/\"}},{\"@type\":\"Person\",\"@id\":\"https:\/\/a-vista-studios.de\/blog\/#\/schema\/person\/07adbe83d83d582226dfd31d055a4b0f\",\"name\":\"avs\",\"image\":{\"@type\":\"ImageObject\",\"inLanguage\":\"de\",\"@id\":\"https:\/\/a-vista-studios.de\/blog\/#\/schema\/person\/image\/\",\"url\":\"https:\/\/secure.gravatar.com\/avatar\/5bdd7a1dc25f9d118b55a38486fb376cf64dd092e623e48cac915d765d130ae3?s=96&d=mm&r=g\",\"contentUrl\":\"https:\/\/secure.gravatar.com\/avatar\/5bdd7a1dc25f9d118b55a38486fb376cf64dd092e623e48cac915d765d130ae3?s=96&d=mm&r=g\",\"caption\":\"avs\"},\"url\":\"https:\/\/a-vista-studios.de\/blog\/author\/avs\/\"}]}<\/script>\n<!-- \/ Yoast SEO plugin. -->","yoast_head_json":{"title":"Fotos auf Facebook ver\u00f6ffentlichen - Nutzungsrechte von Fotografen","description":"Fotos auf Facebook ver\u00f6ffentlichen - Nutzungsrechte: sollten Fotografen ihre Fotos auf Facebook ver\u00f6ffentlichen? Welche Rechte werden dabei \u00fcbertragen?","robots":{"index":"index","follow":"follow","max-snippet":"max-snippet:-1","max-image-preview":"max-image-preview:large","max-video-preview":"max-video-preview:-1"},"canonical":"https:\/\/a-vista-studios.de\/blog\/web-recht\/fotos-auf-facebook-veroeffentlichen-nutzungsrechte\/","og_locale":"de_DE","og_type":"article","og_title":"Fotos auf Facebook ver\u00f6ffentlichen - Nutzungsrechte von Fotografen","og_description":"Fotos auf Facebook ver\u00f6ffentlichen - Nutzungsrechte: sollten Fotografen ihre Fotos auf Facebook ver\u00f6ffentlichen? Welche Rechte werden dabei \u00fcbertragen?","og_url":"https:\/\/a-vista-studios.de\/blog\/web-recht\/fotos-auf-facebook-veroeffentlichen-nutzungsrechte\/","og_site_name":"Webdesign Tipps \/ Webdesign Blog","article_published_time":"2018-06-22T08:00:31+00:00","og_image":[{"width":1440,"height":530,"url":"https:\/\/a-vista-studios.de\/blog\/wp-content\/uploads\/2017\/08\/img_fotos_auf_facebook_veroeffentlichen_nutzungsrechte.jpg","type":"image\/jpeg"}],"author":"avs","twitter_card":"summary_large_image","twitter_misc":{"Verfasst von":"avs","Gesch\u00e4tzte Lesezeit":"6\u00a0Minuten"},"schema":{"@context":"https:\/\/schema.org","@graph":[{"@type":"Article","@id":"https:\/\/a-vista-studios.de\/blog\/web-recht\/fotos-auf-facebook-veroeffentlichen-nutzungsrechte\/#article","isPartOf":{"@id":"https:\/\/a-vista-studios.de\/blog\/web-recht\/fotos-auf-facebook-veroeffentlichen-nutzungsrechte\/"},"author":{"name":"avs","@id":"https:\/\/a-vista-studios.de\/blog\/#\/schema\/person\/07adbe83d83d582226dfd31d055a4b0f"},"headline":"Fotos auf Facebook ver\u00f6ffentlichen &#8211; Nutzungsrechte von Fotografen","datePublished":"2018-06-22T08:00:31+00:00","mainEntityOfPage":{"@id":"https:\/\/a-vista-studios.de\/blog\/web-recht\/fotos-auf-facebook-veroeffentlichen-nutzungsrechte\/"},"wordCount":1174,"commentCount":0,"publisher":{"@id":"https:\/\/a-vista-studios.de\/blog\/#organization"},"image":{"@id":"https:\/\/a-vista-studios.de\/blog\/web-recht\/fotos-auf-facebook-veroeffentlichen-nutzungsrechte\/#primaryimage"},"thumbnailUrl":"https:\/\/a-vista-studios.de\/blog\/wp-content\/uploads\/2017\/08\/img_fotos_auf_facebook_veroeffentlichen_nutzungsrechte.jpg","articleSection":["Bildrechte","Web-Recht"],"inLanguage":"de","potentialAction":[{"@type":"CommentAction","name":"Comment","target":["https:\/\/a-vista-studios.de\/blog\/web-recht\/fotos-auf-facebook-veroeffentlichen-nutzungsrechte\/#respond"]}]},{"@type":"WebPage","@id":"https:\/\/a-vista-studios.de\/blog\/web-recht\/fotos-auf-facebook-veroeffentlichen-nutzungsrechte\/","url":"https:\/\/a-vista-studios.de\/blog\/web-recht\/fotos-auf-facebook-veroeffentlichen-nutzungsrechte\/","name":"Fotos auf Facebook ver\u00f6ffentlichen - Nutzungsrechte von Fotografen","isPartOf":{"@id":"https:\/\/a-vista-studios.de\/blog\/#website"},"primaryImageOfPage":{"@id":"https:\/\/a-vista-studios.de\/blog\/web-recht\/fotos-auf-facebook-veroeffentlichen-nutzungsrechte\/#primaryimage"},"image":{"@id":"https:\/\/a-vista-studios.de\/blog\/web-recht\/fotos-auf-facebook-veroeffentlichen-nutzungsrechte\/#primaryimage"},"thumbnailUrl":"https:\/\/a-vista-studios.de\/blog\/wp-content\/uploads\/2017\/08\/img_fotos_auf_facebook_veroeffentlichen_nutzungsrechte.jpg","datePublished":"2018-06-22T08:00:31+00:00","description":"Fotos auf Facebook ver\u00f6ffentlichen - Nutzungsrechte: sollten Fotografen ihre Fotos auf Facebook ver\u00f6ffentlichen? Welche Rechte werden dabei \u00fcbertragen?","breadcrumb":{"@id":"https:\/\/a-vista-studios.de\/blog\/web-recht\/fotos-auf-facebook-veroeffentlichen-nutzungsrechte\/#breadcrumb"},"inLanguage":"de","potentialAction":[{"@type":"ReadAction","target":["https:\/\/a-vista-studios.de\/blog\/web-recht\/fotos-auf-facebook-veroeffentlichen-nutzungsrechte\/"]}]},{"@type":"ImageObject","inLanguage":"de","@id":"https:\/\/a-vista-studios.de\/blog\/web-recht\/fotos-auf-facebook-veroeffentlichen-nutzungsrechte\/#primaryimage","url":"https:\/\/a-vista-studios.de\/blog\/wp-content\/uploads\/2017\/08\/img_fotos_auf_facebook_veroeffentlichen_nutzungsrechte.jpg","contentUrl":"https:\/\/a-vista-studios.de\/blog\/wp-content\/uploads\/2017\/08\/img_fotos_auf_facebook_veroeffentlichen_nutzungsrechte.jpg","width":1440,"height":530,"caption":"Fotos auf Facebook ver\u00f6ffentlichen"},{"@type":"BreadcrumbList","@id":"https:\/\/a-vista-studios.de\/blog\/web-recht\/fotos-auf-facebook-veroeffentlichen-nutzungsrechte\/#breadcrumb","itemListElement":[{"@type":"ListItem","position":1,"name":"Startseite","item":"https:\/\/a-vista-studios.de\/blog\/"},{"@type":"ListItem","position":2,"name":"Fotos auf Facebook ver\u00f6ffentlichen &#8211; Nutzungsrechte von Fotografen"}]},{"@type":"WebSite","@id":"https:\/\/a-vista-studios.de\/blog\/#website","url":"https:\/\/a-vista-studios.de\/blog\/","name":"Webdesign Tipps \/ Webdesign Blog","description":"","publisher":{"@id":"https:\/\/a-vista-studios.de\/blog\/#organization"},"potentialAction":[{"@type":"SearchAction","target":{"@type":"EntryPoint","urlTemplate":"https:\/\/a-vista-studios.de\/blog\/?s={search_term_string}"},"query-input":{"@type":"PropertyValueSpecification","valueRequired":true,"valueName":"search_term_string"}}],"inLanguage":"de"},{"@type":"Organization","@id":"https:\/\/a-vista-studios.de\/blog\/#organization","name":"A Vista Studios","url":"https:\/\/a-vista-studios.de\/blog\/","logo":{"@type":"ImageObject","inLanguage":"de","@id":"https:\/\/a-vista-studios.de\/blog\/#\/schema\/logo\/image\/","url":"https:\/\/a-vista-studios.de\/blog\/wp-content\/uploads\/2017\/06\/logo-avs.png","contentUrl":"https:\/\/a-vista-studios.de\/blog\/wp-content\/uploads\/2017\/06\/logo-avs.png","width":520,"height":236,"caption":"A Vista Studios"},"image":{"@id":"https:\/\/a-vista-studios.de\/blog\/#\/schema\/logo\/image\/"}},{"@type":"Person","@id":"https:\/\/a-vista-studios.de\/blog\/#\/schema\/person\/07adbe83d83d582226dfd31d055a4b0f","name":"avs","image":{"@type":"ImageObject","inLanguage":"de","@id":"https:\/\/a-vista-studios.de\/blog\/#\/schema\/person\/image\/","url":"https:\/\/secure.gravatar.com\/avatar\/5bdd7a1dc25f9d118b55a38486fb376cf64dd092e623e48cac915d765d130ae3?s=96&d=mm&r=g","contentUrl":"https:\/\/secure.gravatar.com\/avatar\/5bdd7a1dc25f9d118b55a38486fb376cf64dd092e623e48cac915d765d130ae3?s=96&d=mm&r=g","caption":"avs"},"url":"https:\/\/a-vista-studios.de\/blog\/author\/avs\/"}]}},"_links":{"self":[{"href":"https:\/\/a-vista-studios.de\/blog\/wp-json\/wp\/v2\/posts\/446","targetHints":{"allow":["GET"]}}],"collection":[{"href":"https:\/\/a-vista-studios.de\/blog\/wp-json\/wp\/v2\/posts"}],"about":[{"href":"https:\/\/a-vista-studios.de\/blog\/wp-json\/wp\/v2\/types\/post"}],"author":[{"embeddable":true,"href":"https:\/\/a-vista-studios.de\/blog\/wp-json\/wp\/v2\/users\/2"}],"replies":[{"embeddable":true,"href":"https:\/\/a-vista-studios.de\/blog\/wp-json\/wp\/v2\/comments?post=446"}],"version-history":[{"count":4,"href":"https:\/\/a-vista-studios.de\/blog\/wp-json\/wp\/v2\/posts\/446\/revisions"}],"predecessor-version":[{"id":450,"href":"https:\/\/a-vista-studios.de\/blog\/wp-json\/wp\/v2\/posts\/446\/revisions\/450"}],"wp:featuredmedia":[{"embeddable":true,"href":"https:\/\/a-vista-studios.de\/blog\/wp-json\/wp\/v2\/media\/448"}],"wp:attachment":[{"href":"https:\/\/a-vista-studios.de\/blog\/wp-json\/wp\/v2\/media?parent=446"}],"wp:term":[{"taxonomy":"category","embeddable":true,"href":"https:\/\/a-vista-studios.de\/blog\/wp-json\/wp\/v2\/categories?post=446"},{"taxonomy":"post_tag","embeddable":true,"href":"https:\/\/a-vista-studios.de\/blog\/wp-json\/wp\/v2\/tags?post=446"}],"curies":[{"name":"wp","href":"https:\/\/api.w.org\/{rel}","templated":true}]}}